{"id":3403,"date":"2015-01-10T12:30:18","date_gmt":"2015-01-10T11:30:18","guid":{"rendered":"http:\/\/david-jacob.de\/blog\/?p=3403"},"modified":"2015-01-19T02:38:51","modified_gmt":"2015-01-19T01:38:51","slug":"die-verstosenen","status":"publish","type":"post","link":"https:\/\/david-jacob.de\/blog\/2015\/01\/die-verstosenen\/","title":{"rendered":"Die Versto\u00dfenen"},"content":{"rendered":"<p><img decoding=\"async\" loading=\"lazy\" class=\"aligncenter small wp-image-3416\" src=\"http:\/\/david-jacob.de\/blog\/wp-content\/uploads\/2015\/01\/IMG_10382.jpg\" alt=\"Processed with VSCOcam with f2 preset\" width=\"1600\" height=\"2133\" srcset=\"https:\/\/david-jacob.de\/blog\/wp-content\/uploads\/2015\/01\/IMG_10382.jpg 1600w, https:\/\/david-jacob.de\/blog\/wp-content\/uploads\/2015\/01\/IMG_10382-225x300.jpg 225w, https:\/\/david-jacob.de\/blog\/wp-content\/uploads\/2015\/01\/IMG_10382-768x1024.jpg 768w\" sizes=\"(max-width: 1600px) 100vw, 1600px\" \/><\/p>\n<p>&nbsp;<\/p>\n<p>2014 war das Jahr in dem ich zum ersten Mal einen eigenen Weihnachtsbaum hatte. Ziemlich super fand ich das.<\/p>\n<p>Zum Weihnachtsbaum Besitzen, geh\u00f6rt nat\u00fcrlich das Weihnachtsbauo Loswerden. So begab ich mich also auf einschl\u00e4gigen Frage-Antwort Webseiten und fand heraus, dass der 6. Januar ein guter Tag w\u00e4re, seinen Baum vom Balkon zu st\u00fcrzen. Gesagt, getan.<\/p>\n<p>&nbsp;<\/p>\n<p><a href=\"http:\/\/david-jacob.de\/blog\/wp-content\/uploads\/2015\/01\/IMG_1304.jpg\"><img decoding=\"async\" loading=\"lazy\" class=\"aligncenter small wp-image-3409\" src=\"http:\/\/david-jacob.de\/blog\/wp-content\/uploads\/2015\/01\/IMG_1304.jpg\" alt=\"\" width=\"1123\" height=\"750\" srcset=\"https:\/\/david-jacob.de\/blog\/wp-content\/uploads\/2015\/01\/IMG_1304.jpg 1123w, https:\/\/david-jacob.de\/blog\/wp-content\/uploads\/2015\/01\/IMG_1304-300x200.jpg 300w, https:\/\/david-jacob.de\/blog\/wp-content\/uploads\/2015\/01\/IMG_1304-1024x684.jpg 1024w\" sizes=\"(max-width: 1123px) 100vw, 1123px\" \/><\/a><\/p>\n<p>&nbsp;<\/p>\n<p>Was mich nun allerdings etwas verwundert ist der Fakt, dass sich die B\u00e4ume mittlerweile auf dem Gehweg stapeln. Die werden schon noch abgeholt bevor es Sommer ist oder?<\/p>\n<p>&nbsp;<\/p>\n<p><img decoding=\"async\" loading=\"lazy\" class=\"aligncenter huge wp-image-3410\" src=\"http:\/\/david-jacob.de\/blog\/wp-content\/uploads\/2015\/01\/IMG_13322.jpg\" alt=\"IMG_1332\" width=\"1800\" height=\"1350\" srcset=\"https:\/\/david-jacob.de\/blog\/wp-content\/uploads\/2015\/01\/IMG_13322.jpg 1800w, https:\/\/david-jacob.de\/blog\/wp-content\/uploads\/2015\/01\/IMG_13322-300x225.jpg 300w, https:\/\/david-jacob.de\/blog\/wp-content\/uploads\/2015\/01\/IMG_13322-1024x768.jpg 1024w\" sizes=\"(max-width: 1800px) 100vw, 1800px\" \/><\/p>\n","protected":false},"excerpt":{"rendered":"<p>&nbsp; 2014 war das Jahr in dem ich zum ersten Mal einen eigenen Weihnachtsbaum hatte. Ziemlich super fand ich das. Zum Weihnachtsbaum Besitzen, geh\u00f6rt nat\u00fcrlich das Weihnachtsbauo Loswerden. So begab ich mich also auf einschl\u00e4gigen Frage-Antwort Webseiten und fand heraus, dass der 6. Januar ein guter Tag w\u00e4re, seinen Baum vom Balkon zu st\u00fcrzen. Gesagt,&hellip; <a class=\"more-link\" href=\"https:\/\/david-jacob.de\/blog\/2015\/01\/die-verstosenen\/\">Continue reading <span class=\"screen-reader-text\">Die Versto\u00dfenen<\/span><\/a><\/p>\n","protected":false},"author":1,"featured_media":0,"comment_status":"open","ping_status":"open","sticky":false,"template":"","format":"standard","meta":[],"categories":[43],"tags":[],"jetpack_featured_media_url":"","_links":{"self":[{"href":"https:\/\/david-jacob.de\/blog\/wp-json\/wp\/v2\/posts\/3403"}],"collection":[{"href":"https:\/\/david-jacob.de\/blog\/wp-json\/wp\/v2\/posts"}],"about":[{"href":"https:\/\/david-jacob.de\/blog\/wp-json\/wp\/v2\/types\/post"}],"author":[{"embeddable":true,"href":"https:\/\/david-jacob.de\/blog\/wp-json\/wp\/v2\/users\/1"}],"replies":[{"embeddable":true,"href":"https:\/\/david-jacob.de\/blog\/wp-json\/wp\/v2\/comments?post=3403"}],"version-history":[{"count":8,"href":"https:\/\/david-jacob.de\/blog\/wp-json\/wp\/v2\/posts\/3403\/revisions"}],"predecessor-version":[{"id":3422,"href":"https:\/\/david-jacob.de\/blog\/wp-json\/wp\/v2\/posts\/3403\/revisions\/3422"}],"wp:attachment":[{"href":"https:\/\/david-jacob.de\/blog\/wp-json\/wp\/v2\/media?parent=3403"}],"wp:term":[{"taxonomy":"category","embeddable":true,"href":"https:\/\/david-jacob.de\/blog\/wp-json\/wp\/v2\/categories?post=3403"},{"taxonomy":"post_tag","embeddable":true,"href":"https:\/\/david-jacob.de\/blog\/wp-json\/wp\/v2\/tags?post=3403"}],"curies":[{"name":"wp","href":"https:\/\/api.w.org\/{rel}","templated":true}]}}