{"id":2003,"date":"2012-06-04T20:50:02","date_gmt":"2012-06-04T19:50:02","guid":{"rendered":"http:\/\/david-jacob.de\/blog\/?p=2003"},"modified":"2012-06-04T20:50:02","modified_gmt":"2012-06-04T19:50:02","slug":"ich-bins","status":"publish","type":"post","link":"https:\/\/david-jacob.de\/blog\/2012\/06\/ich-bins\/","title":{"rendered":"Ich bin&#8217;s"},"content":{"rendered":"<p>Lange liegt er zur\u00fcck der letzte Blogeintrag, vergessen habe ich mein kleines Onlinetagebuch dennoch nicht, es war nur ein bisschen eng mit der Zeit. Die meisten sollten es mitbekommen haben: ich bin seit ende April mal wieder auf Kr\u00fccken unterwegs. Dieses Mal quittierte der 5. Mittelfu\u00dfknochen meines linken Fu\u00dfes im Zweikampf den Dienst. Operiert werden musste das Ganze zu allem \u00dcberfluss dann auch noch. <\/p>\n<p><a href=\"http:\/\/david-jacob.de\/blog\/wp-content\/uploads\/2012\/06\/gips.jpg\"><img decoding=\"async\" loading=\"lazy\" src=\"http:\/\/david-jacob.de\/blog\/wp-content\/uploads\/2012\/06\/gips.jpg\" alt=\"\" title=\"gips\" width=\"980\" height=\"297\" class=\"aligncenter size-full wp-image-2013\" srcset=\"https:\/\/david-jacob.de\/blog\/wp-content\/uploads\/2012\/06\/gips.jpg 980w, https:\/\/david-jacob.de\/blog\/wp-content\/uploads\/2012\/06\/gips-300x90.jpg 300w\" sizes=\"(max-width: 980px) 100vw, 980px\" \/><\/a><\/p>\n<p>&nbsp;<\/p>\n<p>Die Verletzung kam zu einem denkbar ung\u00fcnstigem Zeitpunkt, kurz nach Semesterbeginn, so dass ich nun fast das komplette Semester mit Kr\u00fccken bestreiten muss. Das 2. Semester ist eh schon eines der stressigeren und unter diesen Bedingungen ist das alles nicht wirklich einfacher. Mit Maren hatte ich f\u00fcr Ende Mai bereits Flug und Hotel f\u00fcr einen Paris Urlaub gebucht, den wir canceln mussten und zum Hurricane Festival werde ich auch nicht fahren k\u00f6nnen. Vielleicht sp\u00fcrt man in diesen Zeilen eine gewisse Frustration, was daran liegen k\u00f6nnte, dass sie vorherrscht.<\/p>\n<p>Wer mich kennt, wei\u00df allerdings, dass ich auch in solchen Zeiten noch mit einem L\u00e4cheln durch die Gegend humpel und so kam es, dass ich mich unter Anderem den Aufgaben im Fotokurs stellte. Die 1. derer lautete: 3 \u00a0Inszenierungen des eigenen Ichs. Ich zeigte dann 5 Bilder im Kurs, von denen meinem Prof nur eines gefiel. Trotzdem m\u00f6chte ich sie euch zeigen, da ich nach wie vor mit ihnen zufrieden bin.<\/p>\n<p>&nbsp;<\/p>\n<p><a href=\"http:\/\/david-jacob.de\/blog\/wp-content\/uploads\/2012\/06\/lustig.jpg\"><img decoding=\"async\" loading=\"lazy\" class=\"aligncenter small wp-image-2005\" title=\"lustig\" src=\"http:\/\/david-jacob.de\/blog\/wp-content\/uploads\/2012\/06\/lustig.jpg\" alt=\"\" width=\"630\" height=\"945\" srcset=\"https:\/\/david-jacob.de\/blog\/wp-content\/uploads\/2012\/06\/lustig.jpg 630w, https:\/\/david-jacob.de\/blog\/wp-content\/uploads\/2012\/06\/lustig-200x300.jpg 200w\" sizes=\"(max-width: 630px) 100vw, 630px\" \/><\/a><\/p>\n<p>&nbsp;<\/p>\n<p><a href=\"http:\/\/david-jacob.de\/blog\/wp-content\/uploads\/2012\/06\/verborgen.jpg\"><img decoding=\"async\" loading=\"lazy\" class=\"aligncenter small wp-image-2007\" title=\"verborgen\" src=\"http:\/\/david-jacob.de\/blog\/wp-content\/uploads\/2012\/06\/verborgen.jpg\" alt=\"\" width=\"630\" height=\"945\" srcset=\"https:\/\/david-jacob.de\/blog\/wp-content\/uploads\/2012\/06\/verborgen.jpg 630w, https:\/\/david-jacob.de\/blog\/wp-content\/uploads\/2012\/06\/verborgen-200x300.jpg 200w\" sizes=\"(max-width: 630px) 100vw, 630px\" \/><\/a><\/p>\n<p>&nbsp;<\/p>\n<p><a href=\"http:\/\/david-jacob.de\/blog\/wp-content\/uploads\/2012\/06\/interessen.jpg\"><img decoding=\"async\" loading=\"lazy\" src=\"http:\/\/david-jacob.de\/blog\/wp-content\/uploads\/2012\/06\/interessen.jpg\" alt=\"\" title=\"interessen\" width=\"630\" height=\"948\" class=\"aligncenter small wp-image-2004\" srcset=\"https:\/\/david-jacob.de\/blog\/wp-content\/uploads\/2012\/06\/interessen.jpg 630w, https:\/\/david-jacob.de\/blog\/wp-content\/uploads\/2012\/06\/interessen-199x300.jpg 199w\" sizes=\"(max-width: 630px) 100vw, 630px\" \/><\/a><\/p>\n<p>&nbsp;<\/p>\n<p><a href=\"http:\/\/david-jacob.de\/blog\/wp-content\/uploads\/2012\/06\/schatten.jpg\"><img decoding=\"async\" loading=\"lazy\" src=\"http:\/\/david-jacob.de\/blog\/wp-content\/uploads\/2012\/06\/schatten.jpg\" alt=\"\" title=\"schatten\" width=\"630\" height=\"945\" class=\"aligncenter small wp-image-2006\" srcset=\"https:\/\/david-jacob.de\/blog\/wp-content\/uploads\/2012\/06\/schatten.jpg 630w, https:\/\/david-jacob.de\/blog\/wp-content\/uploads\/2012\/06\/schatten-200x300.jpg 200w\" sizes=\"(max-width: 630px) 100vw, 630px\" \/><\/a><\/p>\n<p>&nbsp;<\/p>\n<p><a href=\"http:\/\/david-jacob.de\/blog\/wp-content\/uploads\/2012\/06\/verschlafen.jpg\"><img decoding=\"async\" loading=\"lazy\" src=\"http:\/\/david-jacob.de\/blog\/wp-content\/uploads\/2012\/06\/verschlafen.jpg\" alt=\"\" title=\"verschlafen\" width=\"630\" height=\"945\" class=\"aligncenter small wp-image-2008\" srcset=\"https:\/\/david-jacob.de\/blog\/wp-content\/uploads\/2012\/06\/verschlafen.jpg 630w, https:\/\/david-jacob.de\/blog\/wp-content\/uploads\/2012\/06\/verschlafen-200x300.jpg 200w\" sizes=\"(max-width: 630px) 100vw, 630px\" \/><\/a><\/p>\n","protected":false},"excerpt":{"rendered":"<p>Lange liegt er zur\u00fcck der letzte Blogeintrag, vergessen habe ich mein kleines Onlinetagebuch dennoch nicht, es war nur ein bisschen eng mit der Zeit. Die meisten sollten es mitbekommen haben: ich bin seit ende April mal wieder auf Kr\u00fccken unterwegs. Dieses Mal quittierte der 5. Mittelfu\u00dfknochen meines linken Fu\u00dfes im Zweikampf den Dienst. Operiert werden&hellip; <a class=\"more-link\" href=\"https:\/\/david-jacob.de\/blog\/2012\/06\/ich-bins\/\">Continue reading <span class=\"screen-reader-text\">Ich bin&#8217;s<\/span><\/a><\/p>\n","protected":false},"author":1,"featured_media":0,"comment_status":"open","ping_status":"open","sticky":false,"template":"","format":"standard","meta":[],"categories":[48,11,43,44],"tags":[],"jetpack_featured_media_url":"","_links":{"self":[{"href":"https:\/\/david-jacob.de\/blog\/wp-json\/wp\/v2\/posts\/2003"}],"collection":[{"href":"https:\/\/david-jacob.de\/blog\/wp-json\/wp\/v2\/posts"}],"about":[{"href":"https:\/\/david-jacob.de\/blog\/wp-json\/wp\/v2\/types\/post"}],"author":[{"embeddable":true,"href":"https:\/\/david-jacob.de\/blog\/wp-json\/wp\/v2\/users\/1"}],"replies":[{"embeddable":true,"href":"https:\/\/david-jacob.de\/blog\/wp-json\/wp\/v2\/comments?post=2003"}],"version-history":[{"count":8,"href":"https:\/\/david-jacob.de\/blog\/wp-json\/wp\/v2\/posts\/2003\/revisions"}],"predecessor-version":[{"id":2017,"href":"https:\/\/david-jacob.de\/blog\/wp-json\/wp\/v2\/posts\/2003\/revisions\/2017"}],"wp:attachment":[{"href":"https:\/\/david-jacob.de\/blog\/wp-json\/wp\/v2\/media?parent=2003"}],"wp:term":[{"taxonomy":"category","embeddable":true,"href":"https:\/\/david-jacob.de\/blog\/wp-json\/wp\/v2\/categories?post=2003"},{"taxonomy":"post_tag","embeddable":true,"href":"https:\/\/david-jacob.de\/blog\/wp-json\/wp\/v2\/tags?post=2003"}],"curies":[{"name":"wp","href":"https:\/\/api.w.org\/{rel}","templated":true}]}}